{"id":69,"date":"2025-01-06T20:43:58","date_gmt":"2025-01-06T20:43:58","guid":{"rendered":"https:\/\/espacopsicologo.com.br\/blog\/saude-mental-da-populacao-e-a-epidemia-de-depressao\/"},"modified":"2025-01-06T20:45:43","modified_gmt":"2025-01-06T20:45:43","slug":"saude-mental-da-populacao-e-a-epidemia-de-depressao","status":"publish","type":"post","link":"https:\/\/espacopsicologo.com.br\/blog\/saude-mental-da-populacao-e-a-epidemia-de-depressao\/","title":{"rendered":"Sa\u00fade Mental da Popula\u00e7\u00e3o e a Epidemia de Depress\u00e3o"},"content":{"rendered":"\n<h2 class=\"wp-block-heading\">Introdu\u00e7\u00e3o \u00e0 Sa\u00fade Mental<\/h2>\n\n\n\n<p>A sa\u00fade mental refere-se ao estado de bem-estar emocional, psicol\u00f3gico e social de um indiv\u00edduo. \u00c9 um componente essencial que afeta a forma como pensamos, sentimos e nos comportamos, influenciando assim a nossa qualidade de vida. A sa\u00fade mental \u00e9 crucial para o desenvolvimento pessoal e para rela\u00e7\u00f5es saud\u00e1veis, uma vez que permite que os indiv\u00edduos lidem de forma eficaz com o estresse do cotidiano, tomem decis\u00f5es informadas e contribuam para suas comunidades.<\/p>\n\n\n\n<figure class=\"wp-block-image size-large\"><img loading=\"lazy\" decoding=\"async\" width=\"1024\" height=\"613\" src=\"https:\/\/espacopsicologo.com.br\/blog\/wp-content\/uploads\/2025\/01\/depressao-1024x613.jpg\" alt=\"\" class=\"wp-image-70\" srcset=\"https:\/\/espacopsicologo.com.br\/blog\/wp-content\/uploads\/2025\/01\/depressao-1024x613.jpg 1024w, https:\/\/espacopsicologo.com.br\/blog\/wp-content\/uploads\/2025\/01\/depressao-300x179.jpg 300w, https:\/\/espacopsicologo.com.br\/blog\/wp-content\/uploads\/2025\/01\/depressao-768x459.jpg 768w, https:\/\/espacopsicologo.com.br\/blog\/wp-content\/uploads\/2025\/01\/depressao-720x431.jpg 720w, https:\/\/espacopsicologo.com.br\/blog\/wp-content\/uploads\/2025\/01\/depressao.jpg 1170w\" sizes=\"auto, (min-width: 960px) 60vw, 100vw\" \/><figcaption class=\"wp-element-caption\">Depress\u00e3o, suicidio<\/figcaption><\/figure>\n\n\n\n<p>Estudos revelam que os dist\u00farbios mentais, tais como a depress\u00e3o e a ansiedade, afetam um n\u00famero crescente de pessoas em todo o mundo. De acordo com a Organiza\u00e7\u00e3o Mundial da Sa\u00fade (OMS), a depress\u00e3o \u00e9 um dos principais fatores que contribuem para a carga global de doen\u00e7as, impactando milh\u00f5es de indiv\u00edduos a n\u00edvel global. Essa condi\u00e7\u00e3o n\u00e3o se limita a afetar a vida pessoal, mas tamb\u00e9m repercute na produtividade e na qualidade das intera\u00e7\u00f5es sociais. Portanto, \u00e9 essencial dedicar aten\u00e7\u00e3o \u00e0 sa\u00fade mental como parte integrante da sa\u00fade geral da popula\u00e7\u00e3o.<\/p>\n\n\n\n<p>A promo\u00e7\u00e3o da sa\u00fade mental envolve n\u00e3o apenas o tratamento de dist\u00farbios, mas tamb\u00e9m a preven\u00e7\u00e3o e o fortalecimento de capacidades individuais e coletivas. Isso implica esfor\u00e7os conjuntos entre governos, comunidades e profissionais de sa\u00fade para criar ambientes que favore\u00e7am a sa\u00fade mental e o bem-estar. \u00c9 importante que esses esfor\u00e7os sejam baseados em evid\u00eancias, levando em considera\u00e7\u00e3o a diversidade cultural e as necessidades espec\u00edficas de diferentes popula\u00e7\u00f5es. A conscientiza\u00e7\u00e3o sobre a sa\u00fade mental \u00e9, portanto, um passo vital para remover estigmas, garantindo que todos tenham acesso a cuidados adequados e a uma vida com qualidade.<\/p>\n\n\n\n<h2 class=\"wp-block-heading\">O Que \u00e9 a Depress\u00e3o?<\/h2>\n\n\n\n<p>A depress\u00e3o \u00e9 classificada como um transtorno mental que afeta o estado emocional de um indiv\u00edduo, influenciando seus comportamentos, pensamentos e qualidade de vida. Este quadro cl\u00ednico \u00e9 caracterizado por uma sensa\u00e7\u00e3o persistente de tristeza ou des\u00e2nimo, acompanhada de uma s\u00e9rie de sintomas que variam em intensidade e dura\u00e7\u00e3o. Entre os principais sinais da depress\u00e3o, encontram-se a perda de interesse por atividades anteriormente prazerosas, altera\u00e7\u00f5es no sono e apetite, fadiga constante, dificuldades de concentra\u00e7\u00e3o, al\u00e9m de sentimentos de inutilidade ou culpa. A depress\u00e3o pode levar a complica\u00e7\u00f5es significativas na vida pessoal e profissional do indiv\u00edduo, exigindo, portanto, aten\u00e7\u00e3o e interven\u00e7\u00e3o adequada.<\/p>\n\n\n\n<p>As causas da depress\u00e3o s\u00e3o multifatoriais, envolvendo uma combina\u00e7\u00e3o de fatores biol\u00f3gicos, psicol\u00f3gicos e sociais. Desregula\u00e7\u00f5es neuroqu\u00edmicas no c\u00e9rebro, hist\u00f3rico familiar de depress\u00e3o, situa\u00e7\u00f5es de estresse prolongado ou traumas emocionais podem ser gatilhos que desencadeiam o transtorno. Al\u00e9m disso, um estilo de vida sedent\u00e1rio, a falta de suporte social e condi\u00e7\u00f5es econ\u00f4micas desfavor\u00e1veis s\u00e3o elementos que podem contribuir para o desenvolvimento da depress\u00e3o.<\/p>\n\n\n\n<p>Existem diferentes formas de depress\u00e3o, que apresentam caracter\u00edsticas particulares. A depress\u00e3o maior \u00e9 uma das mais conhecidas, caracterizada por epis\u00f3dios intensos de sintomas depressivos que duram pelo menos duas semanas. A distimia, por sua vez, \u00e9 um tipo de depress\u00e3o cr\u00f4nica de menos intensidade, mas que persiste por um per\u00edodo mais longo, podendo durar anos. J\u00e1 a depress\u00e3o sazonal, como o pr\u00f3prio nome sugere, \u00e9 desencadeada por mudan\u00e7as sazonais, especialmente durante meses mais escuros, quando h\u00e1 redu\u00e7\u00e3o da luz solar. A compreens\u00e3o destas variantes da depress\u00e3o \u00e9 essencial para que os indiv\u00edduos possam reconhecer os sinais e buscar o tratamento apropriado, promovendo assim a sa\u00fade mental. <\/p>\n\n\n\n<h2 class=\"wp-block-heading\">Causas da Depress\u00e3o na Popula\u00e7\u00e3o<\/h2>\n\n\n\n<p>A depress\u00e3o \u00e9 um transtorno mental complexo que se manifesta devido a uma intersec\u00e7\u00e3o de v\u00e1rios fatores, incluindo aspectos biol\u00f3gicos, psicol\u00f3gicos e sociais. Estudos apontam que a predisposi\u00e7\u00e3o gen\u00e9tica pode desempenhar um papel significativo no desenvolvimento da depress\u00e3o, com indiv\u00edduos que t\u00eam hist\u00f3rico familiar apresentando maior risco de desenvolver a condi\u00e7\u00e3o. Altera\u00e7\u00f5es neuroqu\u00edmicas no c\u00e9rebro, como desequil\u00edbrios nos neurotransmissores, tamb\u00e9m s\u00e3o consideradas contribuintes cr\u00edticos para a depress\u00e3o.<\/p>\n\n\n\n<p>Al\u00e9m dos fatores biol\u00f3gicos, os fatores psicol\u00f3gicos tamb\u00e9m t\u00eam um impacto consider\u00e1vel. A presen\u00e7a de traumas emocionais, como a perda de um ente querido, experi\u00eancias de abuso ou neglig\u00eancia, pode aumentar a vulnerabilidade de uma pessoa \u00e0 depress\u00e3o. Condi\u00e7\u00f5es mentais preexistentes, como ansiedade ou transtornos de personalidade, frequentemente coexistem com a depress\u00e3o, comprometendo ainda mais a sa\u00fade mental da popula\u00e7\u00e3o.<\/p>\n\n\n\n<p>No \u00e2mbito social, as condi\u00e7\u00f5es de vida adversas, como pobreza, desemprego e exclus\u00e3o social, s\u00e3o fatores que podem agravar os sintomas depressivos. A estigmatiza\u00e7\u00e3o das condi\u00e7\u00f5es de sa\u00fade mental contribui para o isolamento social, fazendo com que os indiv\u00edduos afetados evitem procurar a ajuda necess\u00e1ria. O estresse cr\u00f4nico, seja proveniente do ambiente de trabalho ou das rela\u00e7\u00f5es pessoais, tamb\u00e9m pode sugerir uma liga\u00e7\u00e3o direta com o aumento dos casos de depress\u00e3o entre os indiv\u00edduos.<\/p>\n\n\n\n<p>Esses fatores, entre outros, interagem de maneira complexa, apontando para a necessidade de abordagens multifacetadas no tratamento e na preven\u00e7\u00e3o da depress\u00e3o. Reconhecer e entender as diversas causas que contribuem para essa epidemia \u00e9 crucial para a implementa\u00e7\u00e3o de interven\u00e7\u00f5es eficazes, que s\u00e3o essenciais para apoiar a sa\u00fade mental da popula\u00e7\u00e3o em geral.<\/p>\n\n\n\n<h2 class=\"wp-block-heading\">Efeitos da Depress\u00e3o na Vida Cotidiana<\/h2>\n\n\n\n<p>A depress\u00e3o \u00e9 uma condi\u00e7\u00e3o de sa\u00fade mental que impacta significativamente diversas \u00e1reas da vida das pessoas. Um dos efeitos mais comuns \u00e9 a deteriora\u00e7\u00e3o dos relacionamentos interpessoais. Indiv\u00edduos que enfrentam a depress\u00e3o frequentemente sentem-se isolados, mesmo quando est\u00e3o rodeados por amigos e familiares. Esse estado emocional pode levar a uma comunica\u00e7\u00e3o deficiente, mal-entendidos e uma incapacidade de expressar necessidades ou sentimentos, resultando em um afastamento progressivo das rela\u00e7\u00f5es que antes eram consideradas importantes.<\/p>\n\n\n\n<p>Al\u00e9m dos relacionamentos, a produtividade no ambiente de trabalho \u00e9 outra \u00e1rea severamente afetada pela depress\u00e3o. Indiv\u00edduos que padecem dessa condi\u00e7\u00e3o podem enfrentar dificuldades em manter a concentra\u00e7\u00e3o, lembrar informa\u00e7\u00f5es e completar tarefas. Isso pode se traduzir em um desempenho laboral abaixo do esperado, o que, por sua vez, pode resultar em problemas de autoestima e, ainda, no receio de perder o emprego. \u00c9 fundamental que tanto empregadores quanto colegas de trabalho desenvolvam uma compreens\u00e3o emp\u00e1tica em rela\u00e7\u00e3o \u00e0 sa\u00fade mental, assim promovendo um ambiente de suporte que favore\u00e7a a recupera\u00e7\u00e3o.<\/p>\n\n\n\n<p>Outro aspecto crucial que merece destaque \u00e9 a capacidade de tomar decis\u00f5es. A depress\u00e3o pode alterar a forma como as pessoas avaliam situa\u00e7\u00f5es e fazem escolhas. A incerteza e a indecis\u00e3o s\u00e3o comuns, levando muitas vezes a escolhas apressadas ou a uma paralisia decis\u00f3ria. Essa dificuldade em gerenciar decis\u00f5es cotidianas pode afetar v\u00e1rios campos da vida, desde quest\u00f5es simples, como o que vestir, at\u00e9 decis\u00f5es mais s\u00e9rias, como mudan\u00e7as na carreira ou relacionamentos. Reconhecer esses efeitos da depress\u00e3o \u00e9 um passo vital para que aqueles afetados busquem a ajuda apropriada. O suporte profissional pode auxiliar na recupera\u00e7\u00e3o e na reintegra\u00e7\u00e3o da pessoa \u00e0 sua rotina habitual.<\/p>\n\n\n\n<h2 class=\"wp-block-heading\">Estigmas e Barreiras ao Tratamento da Depress\u00e3o<\/h2>\n\n\n\n<p>A depress\u00e3o, uma das condi\u00e7\u00f5es de sa\u00fade mental mais comuns, \u00e9 frequentemente envolta em estigmas que dificultam o reconhecimento e o tratamento adequado. Preconceitos sociais em torno das doen\u00e7as mentais, associando-as a fraqueza ou incapacidade, criam um ambiente hostil para aqueles que precisam de ajuda. Muitas pessoas preferem esconder seus sintomas em vez de buscar apoio profissional, resultando em um ciclo de sil\u00eancio e sofrimento que s\u00f3 agrava a situa\u00e7\u00e3o. Quando a sociedade demoniza a busca por tratamento, indiv\u00edduos em sofrimento podem sentir vergonha ou medo da rea\u00e7\u00e3o dos outros, levando \u00e0 inatividade na busca de cuidados de sa\u00fade mental.<\/p>\n\n\n\n<p>Al\u00e9m disso, as barreiras para o tratamento da depress\u00e3o n\u00e3o se limitam apenas a estigmas sociais. Existem tamb\u00e9m dificuldades pr\u00e1ticas que podem impedir o acesso a servi\u00e7os de sa\u00fade mental. Esses desafios incluem a falta de recursos financeiros, o que torna os tratamentos inacess\u00edveis para muitas pessoas; a escassez de profissionais qualificados nas comunidades; e a limita\u00e7\u00e3o de servi\u00e7os dispon\u00edveis dentro dos sistemas de sa\u00fade p\u00fablica. Em muitos casos, a percep\u00e7\u00e3o de que os tratamentos s\u00e3o ineficazes tamb\u00e9m pode desincentivar a busca por cuidados. Isso \u00e9 particularmente preocupante, j\u00e1 que a depress\u00e3o \u00e9 uma condi\u00e7\u00e3o que pode ser gerida e tratada com interven\u00e7\u00f5es adequadas.<\/p>\n\n\n\n<p>A interse\u00e7\u00e3o entre estigmas sociais e barreiras pr\u00e1ticas resulta em consequ\u00eancias graves para a sa\u00fade p\u00fablica. A falta de tratamento para a depress\u00e3o n\u00e3o s\u00f3 perpetua o sofrimento individual, mas tamb\u00e9m contribui para uma queda na produtividade, aumento dos custos de sa\u00fade e deteriora\u00e7\u00e3o das rela\u00e7\u00f5es sociais. \u00c9 imperativo, portanto, que haja um esfor\u00e7o conjunto \u2013 tanto da sociedade quanto das institui\u00e7\u00f5es de sa\u00fade \u2013 para desmantelar esses estigmas e facilitar o acesso ao tratamento. Somente assim poderemos tratar efetivamente a epidemia de depress\u00e3o que assola a popula\u00e7\u00e3o e promover uma sa\u00fade mental robusta para todos.<\/p>\n\n\n\n<h2 class=\"wp-block-heading\">Tratamentos e Recursos Dispon\u00edveis<\/h2>\n\n\n\n<p>A depress\u00e3o \u00e9 uma condi\u00e7\u00e3o de sa\u00fade mental que afeta uma parte significativa da popula\u00e7\u00e3o mundial. Para lidar com essa epidemia, \u00e9 essencial que as pessoas tenham acesso a uma variedade de tratamentos e recursos eficazes. Os m\u00e9todos mais comuns de tratamento incluem terapia, medica\u00e7\u00e3o e interven\u00e7\u00f5es comunit\u00e1rias. Cada um desses m\u00e9todos oferece benef\u00edcios distintos e, muitas vezes, a combina\u00e7\u00e3o de diferentes abordagens pode otimizar o processo de recupera\u00e7\u00e3o.<\/p>\n\n\n\n<p>A terapia \u00e9 uma das formas mais recomendadas de tratamento para a depress\u00e3o. Existem v\u00e1rios tipos de terapia, incluindo a terapia cognitivo-comportamental (TCC), que foca na identifica\u00e7\u00e3o e altera\u00e7\u00e3o de padr\u00f5es de pensamento negativos. Profissionais de sa\u00fade mental treinados podem ajudar os indiv\u00edduos a desenvolver habilidades para enfrentar desafios e melhorar seu bem-estar emocional. \u00c9 importante que o tipo de terapia escolhido atenda \u00e0s necessidades espec\u00edficas do paciente, garantindo um tratamento personalizado e eficaz.<\/p>\n\n\n\n<p>A medica\u00e7\u00e3o tamb\u00e9m desempenha um papel crucial na gest\u00e3o da depress\u00e3o. Antidepressivos s\u00e3o frequentemente prescritos para ajudar a equilibrar os qu\u00edmicos do c\u00e9rebro, proporcionando al\u00edvio dos sintomas. \u00c9 fundamental que as pessoas trabalhem em estreita colabora\u00e7\u00e3o com seus m\u00e9dicos para monitorar a efic\u00e1cia dos medicamentos e fazer ajustes conforme necess\u00e1rio. A comunica\u00e7\u00e3o aberta entre paciente e profissional \u00e9 essencial para encontrar a dosagem adequada e minimizar poss\u00edveis efeitos colaterais.<\/p>\n\n\n\n<p>Al\u00e9m dessas abordagens, interven\u00e7\u00f5es comunit\u00e1rias, como grupos de apoio e programas de conscientiza\u00e7\u00e3o, podem oferecer suporte adicional. Tais recursos ajudam a promover um senso de pertencimento e conex\u00e3o, reduzindo o estigma associado \u00e0 depress\u00e3o. As comunidades podem facilitar o acesso a informa\u00e7\u00f5es e suporte emocional, tornando mais f\u00e1cil para os indiv\u00edduos buscar ajuda. A combina\u00e7\u00e3o dessas op\u00e7\u00f5es de tratamento, juntamente com uma abordagem personalizada, \u00e9 fundamental na luta contra a depress\u00e3o. Assim, \u00e9 crucial que a popula\u00e7\u00e3o esteja ciente e aproveite esses recursos dispon\u00edveis.<\/p>\n\n\n\n<h2 class=\"wp-block-heading\">Import\u00e2ncia da Preven\u00e7\u00e3o e Educa\u00e7\u00e3o em Sa\u00fade Mental<\/h2>\n\n\n\n<p>A sa\u00fade mental da popula\u00e7\u00e3o \u00e9 um aspecto fundamental para o bem-estar coletivo e o funcionamento adequado da sociedade. A depress\u00e3o, uma das condi\u00e7\u00f5es mais prevalentes, exige uma abordagem proativa para sua preven\u00e7\u00e3o. Nesse contexto, a educa\u00e7\u00e3o em sa\u00fade mental e programas de preven\u00e7\u00e3o surgem como ferramentas essenciais. Por meio da conscientiza\u00e7\u00e3o, \u00e9 poss\u00edvel reduzir os \u00edndices de depress\u00e3o e promover uma cultura de cuidado com a sa\u00fade mental.<\/p>\n\n\n\n<p>A educa\u00e7\u00e3o em sa\u00fade mental proporciona \u00e0s pessoas informa\u00e7\u00f5es sobre os fatores de risco e sinais de alerta associados \u00e0 depress\u00e3o. Quando os indiv\u00edduos est\u00e3o informados, t\u00eam mais chances de identificar precocemente sintomas preocupantes, tanto nos outros quanto em si mesmos. Al\u00e9m disso, a promo\u00e7\u00e3o de um ambiente de di\u00e1logo aberto em torno da sa\u00fade mental pode reduzir o estigma e incentivar a busca por ajuda. Isso \u00e9 vital, pois muitas vezes as pessoas com depress\u00e3o n\u00e3o procuram apoio devido a preconceitos familiares ou sociais.<\/p>\n\n\n\n<p>Programas de preven\u00e7\u00e3o eficazes t\u00eam mostrado sucesso em diferentes contextos, como escolas, locais de trabalho e comunidades. Por exemplo, iniciativas no ambiente escolar que focam no fortalecimento das habilidades socioemocionais podem contribuir significativamente para a preven\u00e7\u00e3o da depress\u00e3o entre adolescentes. Educadores treinados em sa\u00fade mental s\u00e3o capazes de identificar comportamentos de risco e implementar interven\u00e7\u00f5es precoces, resultando em um ambiente escolar mais saud\u00e1vel e inclusivo.<\/p>\n\n\n\n<p>Igualmente, campanhas de conscientiza\u00e7\u00e3o em empresas podem melhorar a sa\u00fade mental dos trabalhadores, promovendo um equil\u00edbrio entre vida profissional e pessoal. Ferramentas como sess\u00f5es de terapia grupal e workshops de gerenciamento do estresse podem proporcionar suporte significativo aos colaboradores, reduzindo o risco de desenvolvimento de transtornos como a depress\u00e3o.<\/p>\n\n\n\n<h2 class=\"wp-block-heading\">O Papel da Comunidade e da Fam\u00edlia<\/h2>\n\n\n\n<p>A sa\u00fade mental da popula\u00e7\u00e3o \u00e9 um tema que \u00e9 cada vez mais abordado na sociedade contempor\u00e2nea, especialmente em virtude da epidemia de depress\u00e3o que afeta um n\u00famero crescente de pessoas. Nesse contexto, a comunidade e a fam\u00edlia desempenham um papel fundamental no suporte a indiv\u00edduos que enfrentam esta condi\u00e7\u00e3o. O suporte social se torna um elemento crucial na recupera\u00e7\u00e3o e na manuten\u00e7\u00e3o da sa\u00fade mental, oferecendo um ambiente de acolhimento, entendimento e amor. O apoio emocional dos amigos e da fam\u00edlia pode fazer uma diferen\u00e7a significativa na forma como um indiv\u00edduo lida com a depress\u00e3o.<\/p>\n\n\n\n<p>Primeiramente, \u00e9 importante que as comunidades reconhe\u00e7am a depress\u00e3o como um problema de sa\u00fade mental leg\u00edtimo e n\u00e3o como um sinal de fraqueza. Promover a conscientiza\u00e7\u00e3o sobre a doen\u00e7a e as suas manifesta\u00e7\u00f5es \u00e9 essencial para reduzir o estigma associado \u00e0 depress\u00e3o. Grupos de apoio, workshops e palestras podem ser organizados para educar a popula\u00e7\u00e3o sobre como reconhecer os sinais de depress\u00e3o e oferecer apoio adequado. Al\u00e9m disso, estas iniciativas podem criar um espa\u00e7o seguro para que aqueles que enfrentam desafios emocionais compartilhem suas experi\u00eancias, promovendo a empatia e a solidariedade.<\/p>\n\n\n\n<p>Na esfera familiar, a comunica\u00e7\u00e3o aberta \u00e9 fundamental. Membros da fam\u00edlia devem ser encorajados a expressar suas preocupa\u00e7\u00f5es e sentimentos em rela\u00e7\u00e3o \u00e0 sa\u00fade mental uns dos outros. Escutar ativamente \u00e9 uma habilidade que pode ser aprimorada, permitindo que os indiv\u00edduos sintam-se valorizados e compreendidos. Al\u00e9m disso, a fam\u00edlia pode incentivar a busca por ajuda profissional, sem julgamento, refor\u00e7ando a ideia de que buscar tratamento \u00e9 um passo positivo e necess\u00e1rio para a recupera\u00e7\u00e3o. O envolvimento ativo da fam\u00edlia no processo de tratamento e na manuten\u00e7\u00e3o de um ambiente seguro pode fortalecer as rela\u00e7\u00f5es e criar um suporte emocional que favorece a recupera\u00e7\u00e3o da depress\u00e3o.<\/p>\n\n\n\n<h2 class=\"wp-block-heading\">Conclus\u00e3o e Chamado \u00e0 A\u00e7\u00e3o<\/h2>\n\n\n\n<p>A sa\u00fade mental da popula\u00e7\u00e3o \u00e9 uma quest\u00e3o cr\u00edtica que vem ganhando destaque nas discuss\u00f5es sobre o bem-estar geral. A epidemia de depress\u00e3o, que afeta milh\u00f5es de indiv\u00edduos globalmente, \u00e9 um reflexo das press\u00f5es sociais, econ\u00f4micas e ambientais que impactam a vida cotidiana. Identificar os sinais de depress\u00e3o e fornecer o suporte adequado n\u00e3o \u00e9 apenas necess\u00e1rio; \u00e9 imperativo para garantir uma vida saud\u00e1vel e produtiva. Ao longo deste blog post, discutimos a import\u00e2ncia de reconhecer a depress\u00e3o como uma condi\u00e7\u00e3o que merece aten\u00e7\u00e3o cuidadosa, assim como doen\u00e7as f\u00edsicas. A desestigmatiza\u00e7\u00e3o da sa\u00fade mental \u00e9 essencial para abrir caminhos para o tratamento e a recupera\u00e7\u00e3o.<\/p>\n\n\n\n<p>A falta de recursos e o estigma associado \u00e0 doen\u00e7a mental continuam sendo barreiras significativas para aqueles que buscam ajuda. Portanto, \u00e9 vital que todos n\u00f3s \u2014 fam\u00edlias, comunidades e governos \u2014 colaboremos para melhorar a sa\u00fade mental. Investir em programas de conscientiza\u00e7\u00e3o e interven\u00e7\u00f5es precoces pode fazer uma diferen\u00e7a substancial. As iniciativas que promovem ambientes de apoio e oferecem servi\u00e7os acess\u00edveis s\u00e3o fundamentais para combater a epidemia de depress\u00e3o.<\/p>\n\n\n\n<p>Al\u00e9m disso, encorajo os leitores a se envolverem ativamente em suas comunidades, apoiando organiza\u00e7\u00f5es que trabalhem na promo\u00e7\u00e3o da sa\u00fade mental. Participar de grupos de discuss\u00e3o, campanhas de conscientiza\u00e7\u00e3o ou at\u00e9 mesmo contribuir financeiramente para institui\u00e7\u00f5es que tratam a depress\u00e3o pode ser um passo significativo. Juntos, podemos criar uma rede de apoio que reconhece a sa\u00fade mental como um aspecto vital do bem-estar humano. \u00c9 hora de transformar o conhecimento em a\u00e7\u00e3o. O fortalecimento da sa\u00fade mental deve ser uma prioridade para todos n\u00f3s.<\/p>\n","protected":false},"excerpt":{"rendered":"<p>Introdu\u00e7\u00e3o \u00e0 Sa\u00fade Mental A sa\u00fade mental refere-se ao estado de bem-estar&hellip; <\/p>\n","protected":false},"author":2,"featured_media":71,"comment_status":"closed","ping_status":"closed","sticky":false,"template":"","format":"standard","meta":{"footnotes":""},"categories":[15],"tags":[39],"class_list":["post-69","post","type-post","status-publish","format-standard","has-post-thumbnail","hentry","category-saude-e-bem-estar","tag-saude-mental"],"_links":{"self":[{"href":"https:\/\/espacopsicologo.com.br\/blog\/wp-json\/wp\/v2\/posts\/69","targetHints":{"allow":["GET"]}}],"collection":[{"href":"https:\/\/espacopsicologo.com.br\/blog\/wp-json\/wp\/v2\/posts"}],"about":[{"href":"https:\/\/espacopsicologo.com.br\/blog\/wp-json\/wp\/v2\/types\/post"}],"author":[{"embeddable":true,"href":"https:\/\/espacopsicologo.com.br\/blog\/wp-json\/wp\/v2\/users\/2"}],"replies":[{"embeddable":true,"href":"https:\/\/espacopsicologo.com.br\/blog\/wp-json\/wp\/v2\/comments?post=69"}],"version-history":[{"count":1,"href":"https:\/\/espacopsicologo.com.br\/blog\/wp-json\/wp\/v2\/posts\/69\/revisions"}],"predecessor-version":[{"id":73,"href":"https:\/\/espacopsicologo.com.br\/blog\/wp-json\/wp\/v2\/posts\/69\/revisions\/73"}],"wp:featuredmedia":[{"embeddable":true,"href":"https:\/\/espacopsicologo.com.br\/blog\/wp-json\/wp\/v2\/media\/71"}],"wp:attachment":[{"href":"https:\/\/espacopsicologo.com.br\/blog\/wp-json\/wp\/v2\/media?parent=69"}],"wp:term":[{"taxonomy":"category","embeddable":true,"href":"https:\/\/espacopsicologo.com.br\/blog\/wp-json\/wp\/v2\/categories?post=69"},{"taxonomy":"post_tag","embeddable":true,"href":"https:\/\/espacopsicologo.com.br\/blog\/wp-json\/wp\/v2\/tags?post=69"}],"curies":[{"name":"wp","href":"https:\/\/api.w.org\/{rel}","templated":true}]}}